{"id":2947,"date":"2026-08-17T14:55:31","date_gmt":"2026-08-17T12:55:31","guid":{"rendered":"https:\/\/www.fervex.pl\/przeziebienie\/?p=2947"},"modified":"2026-08-17T15:05:12","modified_gmt":"2026-08-17T13:05:12","slug":"niezyt-nosa-przy-przeziebieniu-co-to-jest-i-jak-sobie-z-nim-radzic","status":"publish","type":"post","link":"https:\/\/www.fervex.pl\/przeziebienie\/niezyt-nosa-przy-przeziebieniu-co-to-jest-i-jak-sobie-z-nim-radzic\/","title":{"rendered":"Nie\u017cyt nosa przy przezi\u0119bieniu &#8211; co to jest i jak sobie z nim radzi\u0107?"},"content":{"rendered":"\t\t<div data-elementor-type=\"wp-post\" data-elementor-id=\"2947\" class=\"elementor elementor-2947\" data-elementor-post-type=\"post\">\n\t\t\t\t\t\t<section class=\"elementor-section elementor-top-section elementor-element elementor-element-99449f0 elementor-section-boxed elementor-section-height-default elementor-section-height-default\" data-id=\"99449f0\" data-element_type=\"section\" data-e-type=\"section\">\n\t\t\t\t\t\t<div class=\"elementor-container elementor-column-gap-default\">\n\t\t\t\t\t<div class=\"elementor-column elementor-col-100 elementor-top-column elementor-element elementor-element-9ec478a\" data-id=\"9ec478a\" data-element_type=\"column\" data-e-type=\"column\">\n\t\t\t<div class=\"elementor-widget-wrap elementor-element-populated\">\n\t\t\t\t\t\t<div class=\"elementor-element elementor-element-7d78da6 elementor-widget elementor-widget-spacer\" data-id=\"7d78da6\" data-element_type=\"widget\" data-e-type=\"widget\" data-widget_type=\"spacer.default\">\n\t\t\t\t<div class=\"elementor-widget-container\">\n\t\t\t\t\t\t\t<div class=\"elementor-spacer\">\n\t\t\t<div class=\"elementor-spacer-inner\"><\/div>\n\t\t<\/div>\n\t\t\t\t\t\t<\/div>\n\t\t\t\t<\/div>\n\t\t\t\t<div class=\"elementor-element elementor-element-90b2dd3 elementor-widget__width-initial elementor-widget elementor-widget-heading\" data-id=\"90b2dd3\" data-element_type=\"widget\" data-e-type=\"widget\" data-widget_type=\"heading.default\">\n\t\t\t\t<div class=\"elementor-widget-container\">\n\t\t\t\t\t<h1 class=\"elementor-heading-title elementor-size-default\">Nie\u017cyt nosa przy przezi\u0119bieniu - co to jest i jak sobie z nim radzi\u0107?\n<\/h1>\t\t\t\t<\/div>\n\t\t\t\t<\/div>\n\t\t\t\t<div class=\"elementor-element elementor-element-c282fbd elementor-widget elementor-widget-spacer\" data-id=\"c282fbd\" data-element_type=\"widget\" data-e-type=\"widget\" data-widget_type=\"spacer.default\">\n\t\t\t\t<div class=\"elementor-widget-container\">\n\t\t\t\t\t\t\t<div class=\"elementor-spacer\">\n\t\t\t<div class=\"elementor-spacer-inner\"><\/div>\n\t\t<\/div>\n\t\t\t\t\t\t<\/div>\n\t\t\t\t<\/div>\n\t\t\t\t\t<\/div>\n\t\t<\/div>\n\t\t\t\t\t<\/div>\n\t\t<\/section>\n\t\t\t\t<section class=\"elementor-section elementor-top-section elementor-element elementor-element-fba20ef elementor-section-boxed elementor-section-height-default elementor-section-height-default\" data-id=\"fba20ef\" data-element_type=\"section\" data-e-type=\"section\">\n\t\t\t\t\t\t<div class=\"elementor-container elementor-column-gap-default\">\n\t\t\t\t\t<div class=\"elementor-column elementor-col-100 elementor-top-column elementor-element elementor-element-82bf04a\" data-id=\"82bf04a\" data-element_type=\"column\" data-e-type=\"column\">\n\t\t\t<div class=\"elementor-widget-wrap elementor-element-populated\">\n\t\t\t\t\t\t<div class=\"elementor-element elementor-element-15e4e86 elementor-widget__width-initial elementor-widget elementor-widget-image\" data-id=\"15e4e86\" data-element_type=\"widget\" data-e-type=\"widget\" data-widget_type=\"image.default\">\n\t\t\t\t<div class=\"elementor-widget-container\">\n\t\t\t\t\t\t\t\t\t\t\t\t<figure class=\"wp-caption\">\n\t\t\t\t\t\t\t\t\t\t<img fetchpriority=\"high\" decoding=\"async\" width=\"1024\" height=\"683\" src=\"https:\/\/www.fervex.pl\/przeziebienie\/wp-content\/uploads\/2026\/08\/Niezyt-nosa-przy-przeziebieniu-1024x683.webp\" class=\"attachment-large size-large wp-image-2949\" alt=\"\" srcset=\"https:\/\/www.fervex.pl\/przeziebienie\/wp-content\/uploads\/2026\/08\/Niezyt-nosa-przy-przeziebieniu-1024x683.webp 1024w, https:\/\/www.fervex.pl\/przeziebienie\/wp-content\/uploads\/2026\/08\/Niezyt-nosa-przy-przeziebieniu-300x200.webp 300w, https:\/\/www.fervex.pl\/przeziebienie\/wp-content\/uploads\/2026\/08\/Niezyt-nosa-przy-przeziebieniu-768x512.webp 768w, https:\/\/www.fervex.pl\/przeziebienie\/wp-content\/uploads\/2026\/08\/Niezyt-nosa-przy-przeziebieniu.webp 1500w\" sizes=\"(max-width: 1024px) 100vw, 1024px\" \/>\t\t\t\t\t\t\t\t\t\t\t<figcaption class=\"widget-image-caption wp-caption-text\"><\/figcaption>\n\t\t\t\t\t\t\t\t\t\t<\/figure>\n\t\t\t\t\t\t\t\t\t<\/div>\n\t\t\t\t<\/div>\n\t\t\t\t\t<\/div>\n\t\t<\/div>\n\t\t\t\t\t<\/div>\n\t\t<\/section>\n\t\t\t\t<section class=\"elementor-section elementor-top-section elementor-element elementor-element-120f131 elementor-section-boxed elementor-section-height-default elementor-section-height-default\" data-id=\"120f131\" data-element_type=\"section\" data-e-type=\"section\">\n\t\t\t\t\t\t<div class=\"elementor-container elementor-column-gap-default\">\n\t\t\t\t\t<div class=\"elementor-column elementor-col-100 elementor-top-column elementor-element elementor-element-cb5db24\" data-id=\"cb5db24\" data-element_type=\"column\" data-e-type=\"column\">\n\t\t\t<div class=\"elementor-widget-wrap elementor-element-populated\">\n\t\t\t\t\t\t<div class=\"elementor-element elementor-element-8428b01 elementor-widget elementor-widget-text-editor\" data-id=\"8428b01\" data-element_type=\"widget\" data-e-type=\"widget\" data-widget_type=\"text-editor.default\">\n\t\t\t\t<div class=\"elementor-widget-container\">\n\t\t\t\t\t\t\t\t\t<p><strong>Ten artyku\u0142 przeczytasz w oko\u0142o 7 minut <\/strong><\/p>\t\t\t\t\t\t\t\t<\/div>\n\t\t\t\t<\/div>\n\t\t\t\t<div class=\"elementor-element elementor-element-7c41226 elementor-widget elementor-widget-shortcode\" data-id=\"7c41226\" data-element_type=\"widget\" data-e-type=\"widget\" data-widget_type=\"shortcode.default\">\n\t\t\t\t<div class=\"elementor-widget-container\">\n\t\t\t\t\t\t\t<div class=\"elementor-shortcode\"><nav class=\"st-toc\" aria-label=\"Spis tre\u015bci\" data-offset=\"110\"><div class=\"st-toc__title\">Spis tre\u015bci<\/div><ul class=\"st-toc__list\"><li class=\"st-toc__item st-toc__item--h2\"><a href=\"#czym-jest-niezyt-nosa\">Czym jest nie\u017cyt nosa?<\/a><li class=\"st-toc__item st-toc__item--h2\"><a href=\"#dlaczego-katar-pojawia-sie-przy-przeziebieniu\">Dlaczego katar pojawia si\u0119 przy przezi\u0119bieniu?<\/a><li class=\"st-toc__item st-toc__item--h2\"><a href=\"#jak-rozpoznac-rozne-rodzaje-niezytu-nosa\">Jak rozpozna\u0107 r\u00f3\u017cne rodzaje nie\u017cytu nosa?<\/a><ul class=\"st-toc__sublist\"><li class=\"st-toc__item st-toc__item--h3\"><a href=\"#niezyt-nosa-przy-infekcji\">Nie\u017cyt nosa przy infekcji<\/a><\/li><li class=\"st-toc__item st-toc__item--h3\"><a href=\"#alergiczne-podloze-objawow\">Alergiczne pod\u0142o\u017ce objaw\u00f3w<\/a><\/li><li class=\"st-toc__item st-toc__item--h3\"><a href=\"#naczynioruchowy-i-niealergiczny-niezyt-nosa\">Naczynioruchowy i niealergiczny nie\u017cyt nosa<\/a><\/li><li class=\"st-toc__item st-toc__item--h3\"><a href=\"#polekowe-podloze-niedroznosci-nosa\">Polekowe pod\u0142o\u017ce niedro\u017cno\u015bci nosa<\/a><\/li><\/ul><\/li><li class=\"st-toc__item st-toc__item--h2\"><a href=\"#co-mozna-zrobic-przy-zatkanym-nosie\">Co mo\u017cna zrobi\u0107 przy zatkanym nosie?<\/a><li class=\"st-toc__item st-toc__item--h2\"><a href=\"#kiedy-objawy-wymagaja-konsultacji\">Kiedy objawy wymagaj\u0105 konsultacji?<\/a><li class=\"st-toc__item st-toc__item--h2\"><a href=\"#jak-bezpiecznie-laczyc-metody-lagodzenia-objawow\">Jak bezpiecznie \u0142\u0105czy\u0107 metody \u0142agodzenia objaw\u00f3w?<\/a><li class=\"st-toc__item st-toc__item--h2\"><a href=\"#faq-najczesciej-zadawane-pytania\">FAQ - najcz\u0119\u015bciej zadawane pytania<\/a><ul class=\"st-toc__sublist\"><li class=\"st-toc__item st-toc__item--h3\"><a href=\"#elementor-tab-title-8351\">1. Czy nie\u017cyt nosa i katar oznaczaj\u0105 to samo?<\/a><\/li><li class=\"st-toc__item st-toc__item--h3\"><a href=\"#elementor-tab-title-8352\">2. Czy katar przy przezi\u0119bieniu trzeba leczy\u0107 antybiotykiem?<\/a><\/li><li class=\"st-toc__item st-toc__item--h3\"><a href=\"#elementor-tab-title-8353\">3. Co mo\u017cna zrobi\u0107 w pierwszej kolejno\u015bci przy nie\u017cycie nosa zwi\u0105zanym z przezi\u0119bieniem?<\/a><\/li><li class=\"st-toc__item st-toc__item--h3\"><a href=\"#elementor-tab-title-8354\">4. Czym r\u00f3\u017cni si\u0119 alergiczny nie\u017cyt nosa od przezi\u0119bienia?<\/a><\/li><li class=\"st-toc__item st-toc__item--h3\"><a href=\"#elementor-tab-title-8355\">5. Kiedy przewlek\u0142y katar wymaga wizyty u lekarza?<\/a><\/li><\/ul><\/li><\/ul><\/nav><\/div>\n\t\t\t\t\t\t<\/div>\n\t\t\t\t<\/div>\n\t\t\t\t<div class=\"elementor-element elementor-element-f015a49 elementor-widget elementor-widget-text-editor\" data-id=\"f015a49\" data-element_type=\"widget\" data-e-type=\"widget\" data-widget_type=\"text-editor.default\">\n\t\t\t\t<div class=\"elementor-widget-container\">\n\t\t\t\t\t\t\t\t\t<p>Nie\u017cyt nosa to cz\u0119sta dolegliwo\u015b\u0107 w przebiegu infekcji g\u00f3rnych dr\u00f3g oddechowych. Najcz\u0119stsze objawy przy przezi\u0119bieniu to zatkany nos, kichanie, sp\u0142ywanie wydzieliny po tylnej \u015bcianie gard\u0142a oraz wodnista albo g\u0119stsza wydzielina z nosa. Warto wiedzie\u0107, sk\u0105d bior\u0105 si\u0119 te objawy, czym r\u00f3\u017cni\u0105 si\u0119 poszczeg\u00f3lne postacie nie\u017cytu nosa i kiedy dolegliwo\u015bci powinny sk\u0142oni\u0107 do konsultacji ze specjalist\u0105.<\/p><p>\u00a0<\/p><h2><strong>Czym jest nie\u017cyt nosa?<\/strong><\/h2><p>\u00a0<\/p><p>Nie\u017cyt nosa to stan, w kt\u00f3rym b\u0142ona \u015bluzowa nosa reaguje obrz\u0119kiem, zwi\u0119kszon\u0105 produkcj\u0105 wydzieliny, kichaniem lub uczuciem niedro\u017cno\u015bci. Objawy mog\u0105 mie\u0107 r\u00f3\u017cne przyczyny: infekcyjne, alergiczne, niealergiczne, \u015brodowiskowe albo zwi\u0105zane ze stosowaniem niekt\u00f3rych preparat\u00f3w donosowych.<\/p><p>W literaturze fachowej nie\u017cyt nosa opisywany jest jako zesp\u00f3\u0142 objaw\u00f3w obejmuj\u0105cych mi\u0119dzy innymi wyciek wydzieliny, blokad\u0119 nosa, kichanie i \u015bwi\u0105d, zale\u017cnie od przyczyny dolegliwo\u015bci [1].<\/p><p>\u00a0<\/p><h2><strong>Dlaczego katar pojawia si\u0119 przy przezi\u0119bieniu?<\/strong><\/h2><p>\u00a0<\/p><p>Przezi\u0119bienie jest zespo\u0142em objaw\u00f3w zwi\u0105zanych z zapaleniem b\u0142ony \u015bluzowej nosa, gard\u0142a i zatok przynosowych, spowodowanym zaka\u017ceniem wirusowym. Mo\u017ce przebiega\u0107 mi\u0119dzy innymi z katarem, uczuciem zatkania nosa, b\u00f3lem gard\u0142a, kaszlem, kichaniem, stanem podgor\u0105czkowym i og\u00f3lnym os\u0142abieniem [2].<\/p><p><a href=\"https:\/\/www.fervex.pl\/przeziebienie\/wodnisty-katar-u-dziecka-i-doroslego-przyczyny-objawy-i-sposoby-lagodzenia\/\"><u>Katar<\/u><\/a><strong>\u00a0<\/strong>jest jednym z najcz\u0119stszych objaw\u00f3w przezi\u0119bienia i stanowi element odpowiedzi organizmu na infekcj\u0119. Dolegliwo\u015bci te zwykle utrzymuj\u0105 si\u0119 kr\u00f3tko i cz\u0119sto wsp\u00f3\u0142wyst\u0119puj\u0105 z drapaniem w gardle, os\u0142abieniem oraz uczuciem zatkania nosa.<\/p><p>\u00a0<\/p><h2><strong>Jak rozpozna\u0107 r\u00f3\u017cne rodzaje nie\u017cytu nosa?<\/strong><\/h2><p>\u00a0<\/p><p>Nie ka\u017cdy katar ma takie samo pod\u0142o\u017ce. Dlatego zaleca si\u0119 inne post\u0119powanie przy infekcji, inne przy alergii, a jeszcze inne przy objawach po nadu\u017cywaniu lek\u00f3w donosowych.<\/p><p>\u00a0<\/p><h3><strong>Nie\u017cyt nosa przy infekcji<\/strong><\/h3><p>\u00a0<\/p><p>Infekcyjny nie\u017cyt nosa zwykle pojawia si\u0119 razem z innymi objawami przezi\u0119bienia. Mo\u017ce mu towarzyszy\u0107 b\u00f3l gard\u0142a, kaszel, stan podgor\u0105czkowy, uczucie rozbicia i zm\u0119czenie.<br \/>W tym przypadku leczenie nie\u017cytu nosa ma najcz\u0119\u015bciej charakter objawowy. Poniewa\u017c antybiotyki nie dzia\u0142aj\u0105 na wirusy, nie stosuje si\u0119 ich rutynowo w typowym przezi\u0119bieniu.<\/p><p>\u00a0<\/p><h3><strong>Alergiczne pod\u0142o\u017ce objaw\u00f3w<\/strong><\/h3><p>\u00a0<\/p><p><strong>Alergiczny nie\u017cyt nosa<\/strong> ma zwi\u0105zek z reakcj\u0105 uk\u0142adu odporno\u015bciowego na alergen, na przyk\u0142ad py\u0142ki ro\u015blin, roztocza kurzu domowego, sier\u015b\u0107 zwierz\u0105t lub ple\u015bnie. Wed\u0142ug portalu StatPearls alergiczny nie\u017cyt nosa jest chorob\u0105 atopow\u0105, w kt\u00f3rej wyst\u0119puj\u0105 mi\u0119dzy innymi niedro\u017cno\u015b\u0107 nosa, przezroczysty wyciek, kichanie, sp\u0142ywanie wydzieliny po tylnej \u015bcianie gard\u0142a i \u015bwi\u0105d nosa [3].<\/p><p>\u00a0<\/p><h3><strong>Naczynioruchowy i niealergiczny nie\u017cyt nosa<\/strong><\/h3><p>\u00a0<\/p><p>Naczynioruchowy nie\u017cyt nosa zalicza si\u0119 do niealergicznych postaci nie\u017cytu nosa. Objawy mog\u0105 wyst\u0119powa\u0107 po kontakcie z zimnym powietrzem, intensywnym zapachem, dymem tytoniowym, zmian\u0105 temperatury, ostrymi potrawami lub zanieczyszczeniami powietrza. Niealergiczny nie\u017cyt nosa jest opisywany jako przewlek\u0142y zesp\u00f3\u0142 objaw\u00f3w takich jak niedro\u017cno\u015b\u0107 nosa i wyciek wydzieliny, niezwi\u0105zany z konkretnym alergenem [4].<\/p><p>\u00a0<\/p><h3><strong>Polekowe pod\u0142o\u017ce niedro\u017cno\u015bci nosa<\/strong><\/h3><p>\u00a0<\/p><p>Polekowy nie\u017cyt nosa mo\u017ce pojawi\u0107 si\u0119 mi\u0119dzy innymi po zbyt d\u0142ugim stosowaniu donosowych preparat\u00f3w obkurczaj\u0105cych b\u0142on\u0119 \u015bluzow\u0105. <em>Rhinitis medicamentosa<\/em> jest r\u00f3wnie\u017c opisywany jako tzw. \u201eefekt odbicia\u201d, zwi\u0105zany z nadu\u017cywaniem miejscowych lek\u00f3w obkurczaj\u0105cych b\u0142on\u0119 \u015bluzow\u0105 nosa [5].<\/p>\t\t\t\t\t\t\t\t<\/div>\n\t\t\t\t<\/div>\n\t\t\t\t<div class=\"elementor-element elementor-element-1ffe5c9 elementor-widget elementor-widget-spacer\" data-id=\"1ffe5c9\" data-element_type=\"widget\" data-e-type=\"widget\" data-widget_type=\"spacer.default\">\n\t\t\t\t<div class=\"elementor-widget-container\">\n\t\t\t\t\t\t\t<div class=\"elementor-spacer\">\n\t\t\t<div class=\"elementor-spacer-inner\"><\/div>\n\t\t<\/div>\n\t\t\t\t\t\t<\/div>\n\t\t\t\t<\/div>\n\t\t\t\t\t<\/div>\n\t\t<\/div>\n\t\t\t\t\t<\/div>\n\t\t<\/section>\n\t\t\t\t<section class=\"elementor-section elementor-top-section elementor-element elementor-element-9daccd7 elementor-section-boxed elementor-section-height-default elementor-section-height-default\" data-id=\"9daccd7\" data-element_type=\"section\" data-e-type=\"section\">\n\t\t\t\t\t\t<div class=\"elementor-container elementor-column-gap-default\">\n\t\t\t\t\t<div class=\"elementor-column elementor-col-100 elementor-top-column elementor-element elementor-element-7f0bd4d\" data-id=\"7f0bd4d\" data-element_type=\"column\" data-e-type=\"column\">\n\t\t\t<div class=\"elementor-widget-wrap elementor-element-populated\">\n\t\t\t\t\t\t<div class=\"elementor-element elementor-element-0dfff3a elementor-widget__width-initial elementor-widget elementor-widget-image\" data-id=\"0dfff3a\" data-element_type=\"widget\" data-e-type=\"widget\" data-widget_type=\"image.default\">\n\t\t\t\t<div class=\"elementor-widget-container\">\n\t\t\t\t\t\t\t\t\t\t\t\t<figure class=\"wp-caption\">\n\t\t\t\t\t\t\t\t\t\t<img decoding=\"async\" width=\"1024\" height=\"683\" src=\"https:\/\/www.fervex.pl\/przeziebienie\/wp-content\/uploads\/2026\/08\/Niezyt-nosa-przy-przeziebieniu2-1-1-1024x683.webp\" class=\"attachment-large size-large wp-image-2951\" alt=\"\" srcset=\"https:\/\/www.fervex.pl\/przeziebienie\/wp-content\/uploads\/2026\/08\/Niezyt-nosa-przy-przeziebieniu2-1-1-1024x683.webp 1024w, https:\/\/www.fervex.pl\/przeziebienie\/wp-content\/uploads\/2026\/08\/Niezyt-nosa-przy-przeziebieniu2-1-1-300x200.webp 300w, https:\/\/www.fervex.pl\/przeziebienie\/wp-content\/uploads\/2026\/08\/Niezyt-nosa-przy-przeziebieniu2-1-1-768x512.webp 768w, https:\/\/www.fervex.pl\/przeziebienie\/wp-content\/uploads\/2026\/08\/Niezyt-nosa-przy-przeziebieniu2-1-1.webp 1500w\" sizes=\"(max-width: 1024px) 100vw, 1024px\" \/>\t\t\t\t\t\t\t\t\t\t\t<figcaption class=\"widget-image-caption wp-caption-text\"><\/figcaption>\n\t\t\t\t\t\t\t\t\t\t<\/figure>\n\t\t\t\t\t\t\t\t\t<\/div>\n\t\t\t\t<\/div>\n\t\t\t\t\t<\/div>\n\t\t<\/div>\n\t\t\t\t\t<\/div>\n\t\t<\/section>\n\t\t\t\t<section class=\"elementor-section elementor-top-section elementor-element elementor-element-76ee321 elementor-section-boxed elementor-section-height-default elementor-section-height-default\" data-id=\"76ee321\" data-element_type=\"section\" data-e-type=\"section\">\n\t\t\t\t\t\t<div class=\"elementor-container elementor-column-gap-default\">\n\t\t\t\t\t<div class=\"elementor-column elementor-col-100 elementor-top-column elementor-element elementor-element-dfcd1cb\" data-id=\"dfcd1cb\" data-element_type=\"column\" data-e-type=\"column\">\n\t\t\t<div class=\"elementor-widget-wrap elementor-element-populated\">\n\t\t\t\t\t\t<div class=\"elementor-element elementor-element-5d359e3 elementor-widget elementor-widget-spacer\" data-id=\"5d359e3\" data-element_type=\"widget\" data-e-type=\"widget\" data-widget_type=\"spacer.default\">\n\t\t\t\t<div class=\"elementor-widget-container\">\n\t\t\t\t\t\t\t<div class=\"elementor-spacer\">\n\t\t\t<div class=\"elementor-spacer-inner\"><\/div>\n\t\t<\/div>\n\t\t\t\t\t\t<\/div>\n\t\t\t\t<\/div>\n\t\t\t\t<div class=\"elementor-element elementor-element-d9e1825 elementor-widget__width-initial elementor-widget elementor-widget-text-editor\" data-id=\"d9e1825\" data-element_type=\"widget\" data-e-type=\"widget\" data-widget_type=\"text-editor.default\">\n\t\t\t\t<div class=\"elementor-widget-container\">\n\t\t\t\t\t\t\t\t\t<h2><strong>Co mo\u017cna zrobi\u0107 przy zatkanym nosie?<\/strong><\/h2><p>\u00a0<\/p><p>W przebiegu typowego przezi\u0119bienia pomocne bywaj\u0105 odpoczynek, odpowiednie nawodnienie, nawil\u017canie powietrza, unikanie dymu tytoniowego, delikatne oczyszczanie nosa i stosowanie preparat\u00f3w zgodnie z ulotk\u0105 lub zaleceniami specjalisty.<\/p><p>Jak pozby\u0107 si\u0119 kataru w jeden dzie\u0144? W typowym przezi\u0119bieniu zwykle nie da si\u0119 natychmiast usun\u0105\u0107 przyczyny kataru, poniewa\u017c organizm potrzebuje wi\u0119cej czasu na zwalczanie infekcji.<\/p><p>\u00a0<\/p><h2><strong>Kiedy objawy wymagaj\u0105 ko<\/strong><strong>nsultacji?<\/strong><\/h2><p>\u00a0<\/p><p>Nie\u017cyt nosa przy przezi\u0119bieniu zwykle ust\u0119puje stopniowo. Konsultacji wymaga natomiast sytuacja, w kt\u00f3rej objawy s\u0105 nasilone, nietypowe albo trwaj\u0105 zbyt d\u0142ugo.<\/p><p>Do lekarza warto zg\u0142osi\u0107 si\u0119 przy duszno\u015bci, wysokiej gor\u0105czce, silnym b\u00f3lu zatok, jednostronnej ropnej lub krwistej wydzielinie albo pogorszeniu po wcze\u015bniejszej poprawie.<\/p><p>Przewlek\u0142y nie\u017cyt nosa zwykle wymaga szerszej oceny ni\u017c kr\u00f3tkotrwa\u0142y katar przy infekcji. Przyczyn\u0105 mog\u0105 by\u0107 alergie, czynniki dra\u017cni\u0105ce, zaburzenia naczynioruchowe, przewlek\u0142e zapalenie zatok, polipy nosa, skrzywienie przegrody nosowej albo polekowe pod\u0142o\u017ce objaw\u00f3w.<\/p><p>\u00a0<\/p><h2><strong>Jak bezpiecznie \u0142\u0105czy\u0107 metody \u0142agodzenia objaw\u00f3w?<\/strong><\/h2><p>\u00a0<\/p><p>Na pytanie jak leczy\u0107 nie\u017cyt nosa nie ma jednej odpowiedzi. Wynika to z faktu, \u017ce nie\u017cyt nosa mo\u017ce mie\u0107 r\u00f3\u017cne przyczyny. Przy infekcji wirusowej stosuje si\u0119 przede wszystkim post\u0119powanie \u0142agodz\u0105ce objawy. Przy alergii znaczenie ma unikanie alergenu i leczenie przeciwalergiczne dostosowane indywidualnie do pacjenta. Przy przewlek\u0142ych lub nawracaj\u0105cych objawach konieczne mo\u017ce by\u0107 ustalenie przyczyny u lekarza.<\/p><p>W kontek\u015bcie przezi\u0119bienia cz\u0119sto m\u00f3wi si\u0119 o objawowym leczeniu przezi\u0119bienia i grypy. Obejmuje ono dzia\u0142ania ukierunkowane na konkretne dolegliwo\u015bci, takie jak gor\u0105czka, <a href=\"https:\/\/www.fervex.pl\/przeziebienie\/bol-glowy-i-goraczka-podczas-przeziebienia-lub-grypy-przyczyny-i-sposoby-lagodzenia\/\"><u>b\u00f3l g\u0142owy<\/u><\/a>, <a href=\"https:\/\/www.fervex.pl\/przeziebienie\/zapalenie-blony-sluzowej-nosa-i-gardla-przyczyny-objawy-leczenie\/\"><u>b\u00f3l gard\u0142a<\/u><\/a>, katar czy niedro\u017cno\u015b\u0107 nosa. Je\u017celi kilka objaw\u00f3w wyst\u0119puje jednocze\u015bnie, pacjent powinien zwraca\u0107 uwag\u0119 na sk\u0142ad stosowanych preparat\u00f3w, aby nie przyjmowa\u0107 tych samych substancji czynnych w kilku produktach naraz.<\/p><p>W\u015br\u00f3d produkt\u00f3w stosowanych w przebiegu infekcji znajduj\u0105 si\u0119 mi\u0119dzy innymi <strong>saszetki na objawy przezi\u0119bienia i grypy<\/strong>. <a href=\"https:\/\/www.fervex.pl\/przeziebienie\/fervex\/\"><u><strong>Fervex<\/strong><\/u><\/a> jest lekiem z\u0142o\u017conym wskazanym u doros\u0142ych i m\u0142odzie\u017cy powy\u017cej 15 lat w dora\u017anym leczeniu objaw\u00f3w grypy, przezi\u0119bienia i stan\u00f3w grypopodobnych, takich jak b\u00f3l g\u0142owy, gor\u0105czka oraz zapalenie b\u0142ony \u015bluzowej nosa i gard\u0142a. Zawiera on paracetamol, kwas askorbowy i maleinian feniraminy [6]. Przed zastosowaniem leku nale\u017cy zapozna\u0107 si\u0119 z ulotk\u0105, sprawdzi\u0107 przeciwwskazania oraz nie \u0142\u0105czy\u0107 kilku preparat\u00f3w zawieraj\u0105cych paracetamol bez konsultacji ze specjalist\u0105.<\/p><p>Lek na nie\u017cyt nosa powinien by\u0107 dobrany do przyczyny objaw\u00f3w. Inne preparaty stosuje si\u0119 przy alergii, inne przy infekcji, a jeszcze inne w sytuacji przewlek\u0142ej niedro\u017cno\u015bci nosa. W\u0105tpliwo\u015bci dotycz\u0105ce dawkowania, \u0142\u0105czenia lek\u00f3w lub czasu stosowania nale\u017cy om\u00f3wi\u0107 z lekarzem lub farmaceut\u0105.<\/p><p>\u00a0<\/p><p><strong style=\"font-size: 48px;\">C<\/strong><strong style=\"font-size: 48px;\">zy p\u0142ukanie nosa i domowe metody mog\u0105 pom\u00f3c?<\/strong><\/p><p>\u00a0<\/p><p>U cz\u0119\u015bci os\u00f3b pomocne mo\u017ce by\u0107 oczyszczanie i nawil\u017canie nosa, zw\u0142aszcza gdy wydzielina jest g\u0119sta lub b\u0142ona \u015bluzowa jest podra\u017cniona. Przegl\u0105d Cochrane sugeruje, \u017ce irygacja nosa roztworami soli mo\u017ce u cz\u0119\u015bci os\u00f3b \u0142agodzi\u0107 niekt\u00f3re objawy ostrych infekcji g\u00f3rnych dr\u00f3g oddechowych, jednak dost\u0119pne dowody s\u0105 ograniczone, a ich jako\u015b\u0107 oceniono jako nisk\u0105 [7].<\/p><p>Co zatem mo\u017cna bezpiecznie zastosowa\u0107\u00a0na nie\u017cyt nosa? Najpierw warto ustali\u0107, czy chodzi o infekcj\u0119, alergi\u0119, przewlek\u0142\u0105 niedro\u017cno\u015b\u0107 czy reakcj\u0119 na lek. W \u0142agodnym przezi\u0119bieniu znaczenie maj\u0105 odpoczynek, nawodnienie, nawil\u017cenie powietrza i ostro\u017cne stosowanie preparat\u00f3w objawowych.<\/p><p>Je\u017celi katar, b\u00f3l zatok, gor\u0105czka lub niedro\u017cno\u015b\u0107 nosa nasilaj\u0105 si\u0119, trwaj\u0105 d\u0142ugo albo powracaj\u0105 cyklicznie, potrzebna mo\u017ce by\u0107 konsultacja ze specjalist\u0105.<\/p>\t\t\t\t\t\t\t\t<\/div>\n\t\t\t\t<\/div>\n\t\t\t\t\t<\/div>\n\t\t<\/div>\n\t\t\t\t\t<\/div>\n\t\t<\/section>\n\t\t\t\t<section class=\"elementor-section elementor-top-section elementor-element elementor-element-7067fab elementor-section-boxed elementor-section-height-default elementor-section-height-default\" data-id=\"7067fab\" data-element_type=\"section\" data-e-type=\"section\">\n\t\t\t\t\t\t<div class=\"elementor-container elementor-column-gap-default\">\n\t\t\t\t\t<div class=\"elementor-column elementor-col-100 elementor-top-column elementor-element elementor-element-a5c8408\" data-id=\"a5c8408\" data-element_type=\"column\" data-e-type=\"column\">\n\t\t\t<div class=\"elementor-widget-wrap elementor-element-populated\">\n\t\t\t\t\t\t<div class=\"elementor-element elementor-element-908a333 elementor-widget elementor-widget-heading\" data-id=\"908a333\" data-element_type=\"widget\" data-e-type=\"widget\" data-widget_type=\"heading.default\">\n\t\t\t\t<div class=\"elementor-widget-container\">\n\t\t\t\t\t<h2 class=\"elementor-heading-title elementor-size-default\">FAQ - najcz\u0119\u015bciej zadawane pytania<span style=\"font-family: Roboto, sans-serif\"><\/span><\/h2>\t\t\t\t<\/div>\n\t\t\t\t<\/div>\n\t\t\t\t<div class=\"elementor-element elementor-element-28d8db6 elementor-widget elementor-widget-spacer\" data-id=\"28d8db6\" data-element_type=\"widget\" data-e-type=\"widget\" data-widget_type=\"spacer.default\">\n\t\t\t\t<div class=\"elementor-widget-container\">\n\t\t\t\t\t\t\t<div class=\"elementor-spacer\">\n\t\t\t<div class=\"elementor-spacer-inner\"><\/div>\n\t\t<\/div>\n\t\t\t\t\t\t<\/div>\n\t\t\t\t<\/div>\n\t\t\t\t<div class=\"elementor-element elementor-element-07f7dcc elementor-widget elementor-widget-accordion\" data-id=\"07f7dcc\" data-element_type=\"widget\" data-e-type=\"widget\" data-widget_type=\"accordion.default\">\n\t\t\t\t<div class=\"elementor-widget-container\">\n\t\t\t\t\t\t\t<div class=\"elementor-accordion\">\n\t\t\t\t\t\t\t<div class=\"elementor-accordion-item\">\n\t\t\t\t\t<h3 id=\"elementor-tab-title-8351\" class=\"elementor-tab-title\" data-tab=\"1\" role=\"button\" aria-controls=\"elementor-tab-content-8351\" aria-expanded=\"false\">\n\t\t\t\t\t\t\t\t\t\t\t\t\t<span class=\"elementor-accordion-icon elementor-accordion-icon-right\" aria-hidden=\"true\">\n\t\t\t\t\t\t\t\t\t\t\t\t\t\t\t<span class=\"elementor-accordion-icon-closed\"><i class=\"fas fa-angle-down\"><\/i><\/span>\n\t\t\t\t\t\t\t\t<span class=\"elementor-accordion-icon-opened\"><i class=\"fas fa-angle-up\"><\/i><\/span>\n\t\t\t\t\t\t\t\t\t\t\t\t\t\t<\/span>\n\t\t\t\t\t\t\t\t\t\t\t\t<a class=\"elementor-accordion-title\" tabindex=\"0\">1. Czy nie\u017cyt nosa i katar oznaczaj\u0105 to samo?<\/a>\n\t\t\t\t\t<\/h3>\n\t\t\t\t\t<div id=\"elementor-tab-content-8351\" class=\"elementor-tab-content elementor-clearfix\" data-tab=\"1\" role=\"region\" aria-labelledby=\"elementor-tab-title-8351\"><p>Nie. Katar jest jednym z objaw\u00f3w nie\u017cytu nosa. Opr\u00f3cz wycieku wydzieliny nie\u017cyt nosa mo\u017ce powodowa\u0107 tak\u017ce zatkanie nosa, kichanie i \u015bwi\u0105d.<\/p><\/div>\n\t\t\t\t<\/div>\n\t\t\t\t\t\t\t<div class=\"elementor-accordion-item\">\n\t\t\t\t\t<h3 id=\"elementor-tab-title-8352\" class=\"elementor-tab-title\" data-tab=\"2\" role=\"button\" aria-controls=\"elementor-tab-content-8352\" aria-expanded=\"false\">\n\t\t\t\t\t\t\t\t\t\t\t\t\t<span class=\"elementor-accordion-icon elementor-accordion-icon-right\" aria-hidden=\"true\">\n\t\t\t\t\t\t\t\t\t\t\t\t\t\t\t<span class=\"elementor-accordion-icon-closed\"><i class=\"fas fa-angle-down\"><\/i><\/span>\n\t\t\t\t\t\t\t\t<span class=\"elementor-accordion-icon-opened\"><i class=\"fas fa-angle-up\"><\/i><\/span>\n\t\t\t\t\t\t\t\t\t\t\t\t\t\t<\/span>\n\t\t\t\t\t\t\t\t\t\t\t\t<a class=\"elementor-accordion-title\" tabindex=\"0\">2. Czy katar przy przezi\u0119bieniu trzeba leczy\u0107 antybiotykiem?<\/a>\n\t\t\t\t\t<\/h3>\n\t\t\t\t\t<div id=\"elementor-tab-content-8352\" class=\"elementor-tab-content elementor-clearfix\" data-tab=\"2\" role=\"region\" aria-labelledby=\"elementor-tab-title-8352\"><p>Zwykle nie. Przezi\u0119bienie najcz\u0119\u015bciej ma pod\u0142o\u017ce wirusowe, a decyzj\u0119 o zastosowaniu antybiotyku podejmuje lekarz.<\/p><\/div>\n\t\t\t\t<\/div>\n\t\t\t\t\t\t\t<div class=\"elementor-accordion-item\">\n\t\t\t\t\t<h3 id=\"elementor-tab-title-8353\" class=\"elementor-tab-title\" data-tab=\"3\" role=\"button\" aria-controls=\"elementor-tab-content-8353\" aria-expanded=\"false\">\n\t\t\t\t\t\t\t\t\t\t\t\t\t<span class=\"elementor-accordion-icon elementor-accordion-icon-right\" aria-hidden=\"true\">\n\t\t\t\t\t\t\t\t\t\t\t\t\t\t\t<span class=\"elementor-accordion-icon-closed\"><i class=\"fas fa-angle-down\"><\/i><\/span>\n\t\t\t\t\t\t\t\t<span class=\"elementor-accordion-icon-opened\"><i class=\"fas fa-angle-up\"><\/i><\/span>\n\t\t\t\t\t\t\t\t\t\t\t\t\t\t<\/span>\n\t\t\t\t\t\t\t\t\t\t\t\t<a class=\"elementor-accordion-title\" tabindex=\"0\">3. Co mo\u017cna zrobi\u0107 w pierwszej kolejno\u015bci przy nie\u017cycie nosa zwi\u0105zanym z przezi\u0119bieniem?<\/a>\n\t\t\t\t\t<\/h3>\n\t\t\t\t\t<div id=\"elementor-tab-content-8353\" class=\"elementor-tab-content elementor-clearfix\" data-tab=\"3\" role=\"region\" aria-labelledby=\"elementor-tab-title-8353\"><p>Najwa\u017cniejsze s\u0105 odpoczynek, nawodnienie, nawil\u017canie powietrza i delikatne oczyszczanie nosa.<\/p><\/div>\n\t\t\t\t<\/div>\n\t\t\t\t\t\t\t<div class=\"elementor-accordion-item\">\n\t\t\t\t\t<h3 id=\"elementor-tab-title-8354\" class=\"elementor-tab-title\" data-tab=\"4\" role=\"button\" aria-controls=\"elementor-tab-content-8354\" aria-expanded=\"false\">\n\t\t\t\t\t\t\t\t\t\t\t\t\t<span class=\"elementor-accordion-icon elementor-accordion-icon-right\" aria-hidden=\"true\">\n\t\t\t\t\t\t\t\t\t\t\t\t\t\t\t<span class=\"elementor-accordion-icon-closed\"><i class=\"fas fa-angle-down\"><\/i><\/span>\n\t\t\t\t\t\t\t\t<span class=\"elementor-accordion-icon-opened\"><i class=\"fas fa-angle-up\"><\/i><\/span>\n\t\t\t\t\t\t\t\t\t\t\t\t\t\t<\/span>\n\t\t\t\t\t\t\t\t\t\t\t\t<a class=\"elementor-accordion-title\" tabindex=\"0\">4. Czym r\u00f3\u017cni si\u0119 alergiczny nie\u017cyt nosa od przezi\u0119bienia?<\/a>\n\t\t\t\t\t<\/h3>\n\t\t\t\t\t<div id=\"elementor-tab-content-8354\" class=\"elementor-tab-content elementor-clearfix\" data-tab=\"4\" role=\"region\" aria-labelledby=\"elementor-tab-title-8354\"><p>Przy alergii cz\u0119stymi objawami s\u0105 \u015bwi\u0105d nosa, napadowe kichanie, wodnisty katar i objawy oczne.<\/p><\/div>\n\t\t\t\t<\/div>\n\t\t\t\t\t\t\t<div class=\"elementor-accordion-item\">\n\t\t\t\t\t<h3 id=\"elementor-tab-title-8355\" class=\"elementor-tab-title\" data-tab=\"5\" role=\"button\" aria-controls=\"elementor-tab-content-8355\" aria-expanded=\"false\">\n\t\t\t\t\t\t\t\t\t\t\t\t\t<span class=\"elementor-accordion-icon elementor-accordion-icon-right\" aria-hidden=\"true\">\n\t\t\t\t\t\t\t\t\t\t\t\t\t\t\t<span class=\"elementor-accordion-icon-closed\"><i class=\"fas fa-angle-down\"><\/i><\/span>\n\t\t\t\t\t\t\t\t<span class=\"elementor-accordion-icon-opened\"><i class=\"fas fa-angle-up\"><\/i><\/span>\n\t\t\t\t\t\t\t\t\t\t\t\t\t\t<\/span>\n\t\t\t\t\t\t\t\t\t\t\t\t<a class=\"elementor-accordion-title\" tabindex=\"0\">5. Kiedy przewlek\u0142y katar wymaga wizyty u lekarza?<\/a>\n\t\t\t\t\t<\/h3>\n\t\t\t\t\t<div id=\"elementor-tab-content-8355\" class=\"elementor-tab-content elementor-clearfix\" data-tab=\"5\" role=\"region\" aria-labelledby=\"elementor-tab-title-8355\"><p>Gdy objawy utrzymuj\u0105 si\u0119 przez d\u0142u\u017cszy czas, nawracaj\u0105 albo towarzyszy im b\u00f3l zatok, krwista wydzielina, duszno\u015b\u0107 lub pogorszenie stanu zdrowia.<\/p><\/div>\n\t\t\t\t<\/div>\n\t\t\t\t\t\t\t\t<\/div>\n\t\t\t\t\t\t<\/div>\n\t\t\t\t<\/div>\n\t\t\t\t\t<\/div>\n\t\t<\/div>\n\t\t\t\t\t<\/div>\n\t\t<\/section>\n\t\t\t\t<section class=\"elementor-section elementor-top-section elementor-element elementor-element-1a5d664 elementor-section-boxed elementor-section-height-default elementor-section-height-default\" data-id=\"1a5d664\" data-element_type=\"section\" data-e-type=\"section\">\n\t\t\t\t\t\t<div class=\"elementor-container elementor-column-gap-default\">\n\t\t\t\t\t<div class=\"elementor-column elementor-col-100 elementor-top-column elementor-element elementor-element-76a5c1b\" data-id=\"76a5c1b\" data-element_type=\"column\" data-e-type=\"column\">\n\t\t\t<div class=\"elementor-widget-wrap elementor-element-populated\">\n\t\t\t\t\t\t<div class=\"elementor-element elementor-element-357ddb4 elementor-widget elementor-widget-text-editor\" data-id=\"357ddb4\" data-element_type=\"widget\" data-e-type=\"widget\" data-widget_type=\"text-editor.default\">\n\t\t\t\t<div class=\"elementor-widget-container\">\n\t\t\t\t\t\t\t\t\t<strong style=\"font-size: 48px;\">Bibliografia<\/strong>\n\n<p>[1] Medycyna Praktyczna. Zagor M., Czarnecka P., Janoska-Ja\u017adzik M., <em>Nie\u017cyt nosa<\/em>. Dost\u0119p: 3 lipca 2026.<a href=\"https:\/\/www.mp.pl\/pacjent\/otolaryngologia\/choroby\/choroby-nosa-i-zatok\/105992,niezyt-nosa\" target=\"_blank\" rel=\"nofollow\"><u> https:\/\/www.mp.pl\/pacjent\/otolaryngologia\/choroby\/choroby-nosa-i-zatok\/105992,niezyt-nosa<\/u><\/a><\/p>\n\n<p>[2] Medycyna Praktyczna. Mejza M., <em>Przezi\u0119bienie &#8211; przyczyny, objawy, leczenie i zapobieganie<\/em>. Dost\u0119p: 3 lipca 2026.<a href=\"https:\/\/www.mp.pl\/pacjent\/grypa\/przeziebienie\/61668,przeziebienie\" target=\"_blank\" rel=\"nofollow\"> <\/a><a href=\"https:\/\/www.mp.pl\/pacjent\/grypa\/przeziebienie\/61668,przeziebienie\" target=\"_blank\" rel=\"nofollow\"><u>https:\/\/www.mp.pl\/pacjent\/grypa\/przeziebienie\/61668,przeziebienie<\/u><\/a> <\/p>\n\n<p>[3] StatPearls, NCBI Bookshelf. Akhouri S., House S.A., <em>Allergic Rhinitis. <\/em>Dost\u0119p: 3 lipca 2026.<br \/> <a href=\"https:\/\/www.ncbi.nlm.nih.gov\/books\/NBK538186\/\" target=\"_blank\" rel=\"nofollow\"><u>https:\/\/www.ncbi.nlm.nih.gov\/books\/NBK538186\/<\/u><\/a><\/p>\n\n<p>[4] StatPearls, NCBI Bookshelf. Leader P., Geiger Z., <em>Nonallergic Rhinitis (Vasomotor Rhinitis)<\/em>. Dost\u0119p: 3 lipca 2026.<br \/> <a href=\"https:\/\/www.ncbi.nlm.nih.gov\/books\/NBK547704\/\" target=\"_blank\" rel=\"nofollow\"><u>https:\/\/www.ncbi.nlm.nih.gov\/books\/NBK547704\/<\/u><\/a><\/p>\n\n<p>[5] StatPearls. NCBI Bookshelf, Zeitlin J., Shermetaro C., Sutton A.E., <em>Rhinitis Medicamentosa<\/em>. Dost\u0119p: 3 lipca 2026.<br \/> <a href=\"https:\/\/www.ncbi.nlm.nih.gov\/books\/NBK538318\/\" target=\"_blank\" rel=\"nofollow\"><u>https:\/\/www.ncbi.nlm.nih.gov\/books\/NBK538318\/<\/u><\/a><\/p>\n\n<p>[6] Rejestr Produkt\u00f3w Leczniczych (ezdrowie.gov.pl), Charakterystyka Produktu Leczniczego &#8211; <em>Fervex, granulat do sporz\u0105dzania roztworu doustnego<\/em>.<\/p>\n\n<p>[7] Cochrane Database of Systematic Reviews. King D., Mitchell B., Williams C.P., Spurling G.K.P., <em>Saline nasal irrigation for acute upper respiratory tract infections. <\/em>Dost\u0119p: 3 lipca 2026.<br \/> <a href=\"https:\/\/www.cochranelibrary.com\/cdsr\/doi\/10.1002\/14651858.CD006821.pub3\/full\" target=\"_blank\" rel=\"nofollow\"><u>https:\/\/www.cochranelibrary.com\/cdsr\/doi\/10.1002\/14651858.CD006821.pub3\/full<\/u><\/a> <\/p>\n\n<p> <\/p>\t\t\t\t\t\t\t\t<\/div>\n\t\t\t\t<\/div>\n\t\t\t\t\t<\/div>\n\t\t<\/div>\n\t\t\t\t\t<\/div>\n\t\t<\/section>\n\t\t\t\t<\/div>\n\t\t","protected":false},"excerpt":{"rendered":"<p>Nie\u017cyt nosa to cz\u0119sta dolegliwo\u015b\u0107 w przebiegu infekcji g\u00f3rnych dr\u00f3g oddechowych. Najcz\u0119stsze objawy przy przezi\u0119bieniu to zatkany nos, kichanie, sp\u0142ywanie wydzieliny po tylnej \u015bcianie gard\u0142a oraz wodnista albo g\u0119stsza wydzielina z nosa. Warto wiedzie\u0107, sk\u0105d bior\u0105 si\u0119 te objawy, czym r\u00f3\u017cni\u0105 si\u0119 poszczeg\u00f3lne postacie nie\u017cytu nosa i kiedy dolegliwo\u015bci powinny sk\u0142oni\u0107 do konsultacji ze specjalist\u0105.<\/p>\n","protected":false},"author":5,"featured_media":2950,"comment_status":"closed","ping_status":"closed","sticky":false,"template":"","format":"standard","meta":{"_acf_changed":false,"inline_featured_image":false,"footnotes":""},"categories":[1],"tags":[],"class_list":["post-2947","post","type-post","status-publish","format-standard","has-post-thumbnail","hentry","category-non-classe"],"acf":[],"yoast_head":"<!-- This site is optimized with the Yoast SEO plugin v28.4 - https:\/\/yoast.com\/product\/yoast-seo-wordpress\/ -->\n<title>Nie\u017cyt nosa przy przezi\u0119bieniu - co to jest i jak sobie z nim radzi\u0107? - UPSA Fervex<\/title>\n<meta name=\"robots\" content=\"index, follow, max-snippet:-1, max-image-preview:large, max-video-preview:-1\" \/>\n<link rel=\"canonical\" href=\"https:\/\/www.fervex.pl\/przeziebienie\/niezyt-nosa-przy-przeziebieniu-co-to-jest-i-jak-sobie-z-nim-radzic\/\" \/>\n<meta property=\"og:locale\" content=\"pl_PL\" \/>\n<meta property=\"og:type\" content=\"article\" \/>\n<meta property=\"og:title\" content=\"Nie\u017cyt nosa przy przezi\u0119bieniu - co to jest i jak sobie z nim radzi\u0107? - UPSA Fervex\" \/>\n<meta property=\"og:description\" content=\"Nie\u017cyt nosa to cz\u0119sta dolegliwo\u015b\u0107 w przebiegu infekcji g\u00f3rnych dr\u00f3g oddechowych. Najcz\u0119stsze objawy przy przezi\u0119bieniu to zatkany nos, kichanie, sp\u0142ywanie wydzieliny po tylnej \u015bcianie gard\u0142a oraz wodnista albo g\u0119stsza wydzielina z nosa. Warto wiedzie\u0107, sk\u0105d bior\u0105 si\u0119 te objawy, czym r\u00f3\u017cni\u0105 si\u0119 poszczeg\u00f3lne postacie nie\u017cytu nosa i kiedy dolegliwo\u015bci powinny sk\u0142oni\u0107 do konsultacji ze specjalist\u0105.\" \/>\n<meta property=\"og:url\" content=\"https:\/\/www.fervex.pl\/przeziebienie\/niezyt-nosa-przy-przeziebieniu-co-to-jest-i-jak-sobie-z-nim-radzic\/\" \/>\n<meta property=\"og:site_name\" content=\"UPSA Fervex\" \/>\n<meta property=\"article:published_time\" content=\"2026-08-17T12:55:31+00:00\" \/>\n<meta property=\"article:modified_time\" content=\"2026-08-17T13:05:12+00:00\" \/>\n<meta property=\"og:image\" content=\"https:\/\/www.fervex.pl\/przeziebienie\/wp-content\/uploads\/2026\/08\/Niezyt-nosa-przy-przeziebieniu-1.webp\" \/>\n\t<meta property=\"og:image:width\" content=\"1500\" \/>\n\t<meta property=\"og:image:height\" content=\"1000\" \/>\n\t<meta property=\"og:image:type\" content=\"image\/webp\" \/>\n<meta name=\"author\" content=\"gbiolik@kompan100.pl\" \/>\n<meta name=\"twitter:card\" content=\"summary_large_image\" \/>\n<meta name=\"twitter:label1\" content=\"Napisane przez\" \/>\n\t<meta name=\"twitter:data1\" content=\"gbiolik@kompan100.pl\" \/>\n\t<meta name=\"twitter:label2\" content=\"Szacowany czas czytania\" \/>\n\t<meta name=\"twitter:data2\" content=\"8 minut\" \/>\n<!-- \/ Yoast SEO plugin. -->","yoast_head_json":{"title":"Nie\u017cyt nosa przy przezi\u0119bieniu - co to jest i jak sobie z nim radzi\u0107? - UPSA Fervex","robots":{"index":"index","follow":"follow","max-snippet":"max-snippet:-1","max-image-preview":"max-image-preview:large","max-video-preview":"max-video-preview:-1"},"canonical":"https:\/\/www.fervex.pl\/przeziebienie\/niezyt-nosa-przy-przeziebieniu-co-to-jest-i-jak-sobie-z-nim-radzic\/","og_locale":"pl_PL","og_type":"article","og_title":"Nie\u017cyt nosa przy przezi\u0119bieniu - co to jest i jak sobie z nim radzi\u0107? - UPSA Fervex","og_description":"Nie\u017cyt nosa to cz\u0119sta dolegliwo\u015b\u0107 w przebiegu infekcji g\u00f3rnych dr\u00f3g oddechowych. Najcz\u0119stsze objawy przy przezi\u0119bieniu to zatkany nos, kichanie, sp\u0142ywanie wydzieliny po tylnej \u015bcianie gard\u0142a oraz wodnista albo g\u0119stsza wydzielina z nosa. Warto wiedzie\u0107, sk\u0105d bior\u0105 si\u0119 te objawy, czym r\u00f3\u017cni\u0105 si\u0119 poszczeg\u00f3lne postacie nie\u017cytu nosa i kiedy dolegliwo\u015bci powinny sk\u0142oni\u0107 do konsultacji ze specjalist\u0105.","og_url":"https:\/\/www.fervex.pl\/przeziebienie\/niezyt-nosa-przy-przeziebieniu-co-to-jest-i-jak-sobie-z-nim-radzic\/","og_site_name":"UPSA Fervex","article_published_time":"2026-08-17T12:55:31+00:00","article_modified_time":"2026-08-17T13:05:12+00:00","og_image":[{"width":1500,"height":1000,"url":"https:\/\/www.fervex.pl\/przeziebienie\/wp-content\/uploads\/2026\/08\/Niezyt-nosa-przy-przeziebieniu-1.webp","type":"image\/webp"}],"author":"gbiolik@kompan100.pl","twitter_card":"summary_large_image","twitter_misc":{"Napisane przez":"gbiolik@kompan100.pl","Szacowany czas czytania":"8 minut"},"schema":{"@context":"https:\/\/schema.org","@graph":[{"@type":"Article","@id":"https:\/\/www.fervex.pl\/przeziebienie\/niezyt-nosa-przy-przeziebieniu-co-to-jest-i-jak-sobie-z-nim-radzic\/#article","isPartOf":{"@id":"https:\/\/www.fervex.pl\/przeziebienie\/niezyt-nosa-przy-przeziebieniu-co-to-jest-i-jak-sobie-z-nim-radzic\/"},"author":{"name":"gbiolik@kompan100.pl","@id":"https:\/\/www.fervex.pl\/przeziebienie\/#\/schema\/person\/e61c2ec453cbbf6a487dbedda2fd2f17"},"headline":"Nie\u017cyt nosa przy przezi\u0119bieniu &#8211; co to jest i jak sobie z nim radzi\u0107?","datePublished":"2026-08-17T12:55:31+00:00","dateModified":"2026-08-17T13:05:12+00:00","mainEntityOfPage":{"@id":"https:\/\/www.fervex.pl\/przeziebienie\/niezyt-nosa-przy-przeziebieniu-co-to-jest-i-jak-sobie-z-nim-radzic\/"},"wordCount":1520,"publisher":{"@id":"https:\/\/www.fervex.pl\/przeziebienie\/#organization"},"image":{"@id":"https:\/\/www.fervex.pl\/przeziebienie\/niezyt-nosa-przy-przeziebieniu-co-to-jest-i-jak-sobie-z-nim-radzic\/#primaryimage"},"thumbnailUrl":"https:\/\/www.fervex.pl\/przeziebienie\/wp-content\/uploads\/2026\/08\/Niezyt-nosa-przy-przeziebieniu-1.webp","articleSection":["Non class\u00e9"],"inLanguage":"pl-PL"},{"@type":"WebPage","@id":"https:\/\/www.fervex.pl\/przeziebienie\/niezyt-nosa-przy-przeziebieniu-co-to-jest-i-jak-sobie-z-nim-radzic\/","url":"https:\/\/www.fervex.pl\/przeziebienie\/niezyt-nosa-przy-przeziebieniu-co-to-jest-i-jak-sobie-z-nim-radzic\/","name":"Nie\u017cyt nosa przy przezi\u0119bieniu - co to jest i jak sobie z nim radzi\u0107? - UPSA Fervex","isPartOf":{"@id":"https:\/\/www.fervex.pl\/przeziebienie\/#website"},"primaryImageOfPage":{"@id":"https:\/\/www.fervex.pl\/przeziebienie\/niezyt-nosa-przy-przeziebieniu-co-to-jest-i-jak-sobie-z-nim-radzic\/#primaryimage"},"image":{"@id":"https:\/\/www.fervex.pl\/przeziebienie\/niezyt-nosa-przy-przeziebieniu-co-to-jest-i-jak-sobie-z-nim-radzic\/#primaryimage"},"thumbnailUrl":"https:\/\/www.fervex.pl\/przeziebienie\/wp-content\/uploads\/2026\/08\/Niezyt-nosa-przy-przeziebieniu-1.webp","datePublished":"2026-08-17T12:55:31+00:00","dateModified":"2026-08-17T13:05:12+00:00","breadcrumb":{"@id":"https:\/\/www.fervex.pl\/przeziebienie\/niezyt-nosa-przy-przeziebieniu-co-to-jest-i-jak-sobie-z-nim-radzic\/#breadcrumb"},"inLanguage":"pl-PL","potentialAction":[{"@type":"ReadAction","target":["https:\/\/www.fervex.pl\/przeziebienie\/niezyt-nosa-przy-przeziebieniu-co-to-jest-i-jak-sobie-z-nim-radzic\/"]}]},{"@type":"ImageObject","inLanguage":"pl-PL","@id":"https:\/\/www.fervex.pl\/przeziebienie\/niezyt-nosa-przy-przeziebieniu-co-to-jest-i-jak-sobie-z-nim-radzic\/#primaryimage","url":"https:\/\/www.fervex.pl\/przeziebienie\/wp-content\/uploads\/2026\/08\/Niezyt-nosa-przy-przeziebieniu-1.webp","contentUrl":"https:\/\/www.fervex.pl\/przeziebienie\/wp-content\/uploads\/2026\/08\/Niezyt-nosa-przy-przeziebieniu-1.webp","width":1500,"height":1000},{"@type":"BreadcrumbList","@id":"https:\/\/www.fervex.pl\/przeziebienie\/niezyt-nosa-przy-przeziebieniu-co-to-jest-i-jak-sobie-z-nim-radzic\/#breadcrumb","itemListElement":[{"@type":"ListItem","position":1,"name":"Accueil","item":"https:\/\/www.fervex.pl\/przeziebienie\/"},{"@type":"ListItem","position":2,"name":"Nie\u017cyt nosa przy przezi\u0119bieniu &#8211; co to jest i jak sobie z nim radzi\u0107?"}]},{"@type":"WebSite","@id":"https:\/\/www.fervex.pl\/przeziebienie\/#website","url":"https:\/\/www.fervex.pl\/przeziebienie\/","name":"UPSA Fervex","description":"","publisher":{"@id":"https:\/\/www.fervex.pl\/przeziebienie\/#organization"},"potentialAction":[{"@type":"SearchAction","target":{"@type":"EntryPoint","urlTemplate":"https:\/\/www.fervex.pl\/przeziebienie\/?s={search_term_string}"},"query-input":{"@type":"PropertyValueSpecification","valueRequired":true,"valueName":"search_term_string"}}],"inLanguage":"pl-PL"},{"@type":"Organization","@id":"https:\/\/www.fervex.pl\/przeziebienie\/#organization","name":"UPSA","url":"https:\/\/www.fervex.pl\/przeziebienie\/","logo":{"@type":"ImageObject","inLanguage":"pl-PL","@id":"https:\/\/www.fervex.pl\/przeziebienie\/#\/schema\/logo\/image\/","url":"https:\/\/www.fervex.pl\/przeziebienie\/wp-content\/uploads\/2021\/10\/logo.png","contentUrl":"https:\/\/www.fervex.pl\/przeziebienie\/wp-content\/uploads\/2021\/10\/logo.png","width":153,"height":53,"caption":"UPSA"},"image":{"@id":"https:\/\/www.fervex.pl\/przeziebienie\/#\/schema\/logo\/image\/"}},{"@type":"Person","@id":"https:\/\/www.fervex.pl\/przeziebienie\/#\/schema\/person\/e61c2ec453cbbf6a487dbedda2fd2f17","name":"gbiolik@kompan100.pl","image":{"@type":"ImageObject","inLanguage":"pl-PL","@id":"https:\/\/secure.gravatar.com\/avatar\/d2dc017a2a2eb93f3dd89f0b7810747a0160275b6115de7eed01a3806e4b0b7c?s=96&d=mm&r=g","url":"https:\/\/secure.gravatar.com\/avatar\/d2dc017a2a2eb93f3dd89f0b7810747a0160275b6115de7eed01a3806e4b0b7c?s=96&d=mm&r=g","contentUrl":"https:\/\/secure.gravatar.com\/avatar\/d2dc017a2a2eb93f3dd89f0b7810747a0160275b6115de7eed01a3806e4b0b7c?s=96&d=mm&r=g","caption":"gbiolik@kompan100.pl"}}]}},"_links":{"self":[{"href":"https:\/\/www.fervex.pl\/przeziebienie\/wp-json\/wp\/v2\/posts\/2947","targetHints":{"allow":["GET"]}}],"collection":[{"href":"https:\/\/www.fervex.pl\/przeziebienie\/wp-json\/wp\/v2\/posts"}],"about":[{"href":"https:\/\/www.fervex.pl\/przeziebienie\/wp-json\/wp\/v2\/types\/post"}],"author":[{"embeddable":true,"href":"https:\/\/www.fervex.pl\/przeziebienie\/wp-json\/wp\/v2\/users\/5"}],"replies":[{"embeddable":true,"href":"https:\/\/www.fervex.pl\/przeziebienie\/wp-json\/wp\/v2\/comments?post=2947"}],"version-history":[{"count":11,"href":"https:\/\/www.fervex.pl\/przeziebienie\/wp-json\/wp\/v2\/posts\/2947\/revisions"}],"predecessor-version":[{"id":2963,"href":"https:\/\/www.fervex.pl\/przeziebienie\/wp-json\/wp\/v2\/posts\/2947\/revisions\/2963"}],"wp:featuredmedia":[{"embeddable":true,"href":"https:\/\/www.fervex.pl\/przeziebienie\/wp-json\/wp\/v2\/media\/2950"}],"wp:attachment":[{"href":"https:\/\/www.fervex.pl\/przeziebienie\/wp-json\/wp\/v2\/media?parent=2947"}],"wp:term":[{"taxonomy":"category","embeddable":true,"href":"https:\/\/www.fervex.pl\/przeziebienie\/wp-json\/wp\/v2\/categories?post=2947"},{"taxonomy":"post_tag","embeddable":true,"href":"https:\/\/www.fervex.pl\/przeziebienie\/wp-json\/wp\/v2\/tags?post=2947"}],"curies":[{"name":"wp","href":"https:\/\/api.w.org\/{rel}","templated":true}]}}